{"id":491,"date":"2025-09-02T20:57:30","date_gmt":"2025-09-02T18:57:30","guid":{"rendered":"https:\/\/prelude-lille.fr\/?p=491"},"modified":"2025-09-02T21:27:42","modified_gmt":"2025-09-02T19:27:42","slug":"prelude-fait-sa-rentree","status":"publish","type":"post","link":"https:\/\/prelude-lille.fr\/index.php\/2025\/09\/02\/prelude-fait-sa-rentree\/","title":{"rendered":"Pr\u00e9lude fait sa rentr\u00e9e!"},"content":{"rendered":"\n<figure class=\"wp-block-image size-full\"><img loading=\"lazy\" decoding=\"async\" width=\"867\" height=\"547\" src=\"https:\/\/prelude-lille.fr\/wp-content\/uploads\/2025\/09\/Capture.jpg\" alt=\"\" class=\"wp-image-496\" srcset=\"https:\/\/prelude-lille.fr\/wp-content\/uploads\/2025\/09\/Capture.jpg 867w, https:\/\/prelude-lille.fr\/wp-content\/uploads\/2025\/09\/Capture-300x189.jpg 300w, https:\/\/prelude-lille.fr\/wp-content\/uploads\/2025\/09\/Capture-768x485.jpg 768w\" sizes=\"auto, (max-width: 709px) 85vw, (max-width: 909px) 67vw, (max-width: 1362px) 62vw, 840px\" \/><\/figure>\n\n\n\n<p><strong>Saison 2025\/206 <\/strong>:<\/p>\n\n\n\n<p>Le mois de septembre marque le d\u00e9but d&rsquo;une nouvelle saison pour la chorale Pr\u00e9lude. C &lsquo;est avec une grande joie que nous vous invitons \u00e0 la reprise de nos activit\u00e9s, qui sera plac\u00e9e sous le signe du voyage et de la d\u00e9couverte.<\/p>\n\n\n\n<p>Notre nouveau th\u00e8me pour l&rsquo;ann\u00e9e : \u00a0\u00bb chants d&rsquo;ici ou d&rsquo;ailleurs\u00a0\u00bb.<\/p>\n\n\n\n<p>Pour cette saison, nous avons choisi d&rsquo;explorer un r\u00e9pertoire qui nous emm\u00e8nera aux quatre coins du monde. Nous voyageons \u00e0 travers les m\u00e9lodies et les rythmes de diverses cultures, en interpr\u00e9tant des \u0153uvres venues du S\u00e9n\u00e9gal, de l&rsquo;Afrique du Sud, de l&rsquo;Am\u00e9rique du Sud et du Moyen-Orient. Une aventure musicale riche en \u00e9motions, qui nous permettra de partager la beaut\u00e9 de chants inspir\u00e9s par des traditions vari\u00e9es. <\/p>\n\n\n\n<p><strong>Et toujours avec notre inoubliable Chef de Choeur Dominique Faudel!<\/strong><\/p>\n\n\n\n<figure class=\"wp-block-image size-full\"><img loading=\"lazy\" decoding=\"async\" width=\"175\" height=\"213\" src=\"https:\/\/prelude-lille.fr\/wp-content\/uploads\/2024\/09\/Dominique-Faudel.jpg\" alt=\"\" class=\"wp-image-472\"\/><\/figure>\n\n\n\n<p><strong>Informations pratiques:<\/strong><\/p>\n\n\n\n<p>Que vous soyez un chanteur aguerri ou que vous n&rsquo;ayez jamais os\u00e9 chanter en ch\u0153ur, vous \u00eates le bienvenu pour cette nouvelle saison. <\/p>\n\n\n\n<p><strong>Date de la  premi\u00e8re r\u00e9p\u00e9tition : mercredi 17\/09 de 18h30 \u00e0 20h30  <\/strong><\/p>\n\n\n\n<p><strong>Lieu<\/strong> : Maison des associations 27 rue Jean Bart Lille<\/p>\n\n\n\n<p>Qui peut nous rejoindre? Ouverte \u00e0 tous, Pr\u00e9lude est ouvert \u00e0 tous!<\/p>\n\n\n\n<p>N&rsquo;h\u00e9sitez pas \u00e0 venir nous rencontrer pour une premi\u00e8re s\u00e9ance sans engagement. H\u00e2te de vous retrouver !<\/p>\n\n\n\n<p><\/p>\n","protected":false},"excerpt":{"rendered":"<p>Saison 2025\/206 : Le mois de septembre marque le d\u00e9but d&rsquo;une nouvelle saison pour la chorale Pr\u00e9lude. C &lsquo;est avec une grande joie que nous vous invitons \u00e0 la reprise de nos activit\u00e9s, qui sera plac\u00e9e sous le signe du voyage et de la d\u00e9couverte. Notre nouveau th\u00e8me pour l&rsquo;ann\u00e9e : \u00a0\u00bb chants d&rsquo;ici ou &hellip; <a href=\"https:\/\/prelude-lille.fr\/index.php\/2025\/09\/02\/prelude-fait-sa-rentree\/\" class=\"more-link\">Continuer la lecture<span class=\"screen-reader-text\"> de &laquo;&nbsp;Pr\u00e9lude fait sa rentr\u00e9e!&nbsp;&raquo;<\/span><\/a><\/p>\n","protected":false},"author":8,"featured_media":0,"comment_status":"closed","ping_status":"closed","sticky":true,"template":"","format":"standard","meta":{"footnotes":""},"categories":[5,1],"tags":[],"class_list":["post-491","post","type-post","status-publish","format-standard","hentry","category-la-vie-de-la-chorale","category-non-classe"],"_links":{"self":[{"href":"https:\/\/prelude-lille.fr\/index.php\/wp-json\/wp\/v2\/posts\/491","targetHints":{"allow":["GET"]}}],"collection":[{"href":"https:\/\/prelude-lille.fr\/index.php\/wp-json\/wp\/v2\/posts"}],"about":[{"href":"https:\/\/prelude-lille.fr\/index.php\/wp-json\/wp\/v2\/types\/post"}],"author":[{"embeddable":true,"href":"https:\/\/prelude-lille.fr\/index.php\/wp-json\/wp\/v2\/users\/8"}],"replies":[{"embeddable":true,"href":"https:\/\/prelude-lille.fr\/index.php\/wp-json\/wp\/v2\/comments?post=491"}],"version-history":[{"count":4,"href":"https:\/\/prelude-lille.fr\/index.php\/wp-json\/wp\/v2\/posts\/491\/revisions"}],"predecessor-version":[{"id":499,"href":"https:\/\/prelude-lille.fr\/index.php\/wp-json\/wp\/v2\/posts\/491\/revisions\/499"}],"wp:attachment":[{"href":"https:\/\/prelude-lille.fr\/index.php\/wp-json\/wp\/v2\/media?parent=491"}],"wp:term":[{"taxonomy":"category","embeddable":true,"href":"https:\/\/prelude-lille.fr\/index.php\/wp-json\/wp\/v2\/categories?post=491"},{"taxonomy":"post_tag","embeddable":true,"href":"https:\/\/prelude-lille.fr\/index.php\/wp-json\/wp\/v2\/tags?post=491"}],"curies":[{"name":"wp","href":"https:\/\/api.w.org\/{rel}","templated":true}]}}