{"id":239,"date":"2022-06-22T08:29:31","date_gmt":"2022-06-22T06:29:31","guid":{"rendered":"http:\/\/prelude-lille.fr\/?p=239"},"modified":"2022-08-17T19:14:54","modified_gmt":"2022-08-17T17:14:54","slug":"prelude-a-fait-son-grand-retour","status":"publish","type":"post","link":"https:\/\/prelude-lille.fr\/index.php\/2022\/06\/22\/prelude-a-fait-son-grand-retour\/","title":{"rendered":"Pr\u00e9lude a fait son grand retour"},"content":{"rendered":"\n<figure class=\"wp-block-image size-large\"><img loading=\"lazy\" decoding=\"async\" width=\"1024\" height=\"462\" src=\"https:\/\/prelude-lille.fr\/wp-content\/uploads\/2022\/06\/photo_2-1024x462.jpeg\" alt=\"\" class=\"wp-image-240\" srcset=\"https:\/\/prelude-lille.fr\/wp-content\/uploads\/2022\/06\/photo_2-1024x462.jpeg 1024w, https:\/\/prelude-lille.fr\/wp-content\/uploads\/2022\/06\/photo_2-300x135.jpeg 300w, https:\/\/prelude-lille.fr\/wp-content\/uploads\/2022\/06\/photo_2-768x347.jpeg 768w, https:\/\/prelude-lille.fr\/wp-content\/uploads\/2022\/06\/photo_2-1536x693.jpeg 1536w, https:\/\/prelude-lille.fr\/wp-content\/uploads\/2022\/06\/photo_2-1110x500.jpeg 1110w, https:\/\/prelude-lille.fr\/wp-content\/uploads\/2022\/06\/photo_2.jpeg 2048w\" sizes=\"auto, (max-width: 709px) 85vw, (max-width: 909px) 67vw, (max-width: 1362px) 62vw, 840px\" \/><\/figure>\n\n\n\n<p><strong>Apr\u00e8s 3 ans d&rsquo;attente..<\/strong>.<\/p>\n\n\n\n<p>Une salle comble, des choristes heureux de pr\u00e9senter leur programme <strong>\u00ab\u00a0Hope\u00a0\u00bb<\/strong>, C&rsquo;\u00e9tait dimanche!<\/p>\n\n\n\n<p><strong>Les amis de la Chapelle Notre Dame de R\u00e9conciliation<\/strong> nous ont accueilli dans ce bel endroit qui a fait r\u00e9sonner nos voix. Merci \u00e0 nos copines de la chorale <strong>\u00ab\u00a0Rue de Pologne\u00a0\u00bb <\/strong>qui ont partag\u00e9 ce moment avec nous et \u00e0 Minh qui nous a accompagn\u00e9 au piano.<\/p>\n\n\n\n<p>Merci \u00e0 la f\u00e9d\u00e9ration \u00ab\u00a0<strong>A C\u0153ur Joie Hauts de France<\/strong>\u00a0\u00bb d&rsquo;\u00eatre venu nous \u00e9couter et pour nous soutenir dans nos projets musicaux.<\/p>\n\n\n\n<figure class=\"wp-block-image size-large\"><img loading=\"lazy\" decoding=\"async\" width=\"1024\" height=\"461\" src=\"https:\/\/prelude-lille.fr\/wp-content\/uploads\/2022\/06\/photo_3-1-1024x461.jpeg\" alt=\"\" class=\"wp-image-242\" srcset=\"https:\/\/prelude-lille.fr\/wp-content\/uploads\/2022\/06\/photo_3-1-1024x461.jpeg 1024w, https:\/\/prelude-lille.fr\/wp-content\/uploads\/2022\/06\/photo_3-1-300x135.jpeg 300w, https:\/\/prelude-lille.fr\/wp-content\/uploads\/2022\/06\/photo_3-1-768x346.jpeg 768w, https:\/\/prelude-lille.fr\/wp-content\/uploads\/2022\/06\/photo_3-1-1536x691.jpeg 1536w, https:\/\/prelude-lille.fr\/wp-content\/uploads\/2022\/06\/photo_3-1-1110x500.jpeg 1110w, https:\/\/prelude-lille.fr\/wp-content\/uploads\/2022\/06\/photo_3-1.jpeg 2000w\" sizes=\"auto, (max-width: 709px) 85vw, (max-width: 909px) 67vw, (max-width: 1362px) 62vw, 840px\" \/><\/figure>\n","protected":false},"excerpt":{"rendered":"<p>Apr\u00e8s 3 ans d&rsquo;attente&#8230; Une salle comble, des choristes heureux de pr\u00e9senter leur programme \u00ab\u00a0Hope\u00a0\u00bb, C&rsquo;\u00e9tait dimanche! Les amis de la Chapelle Notre Dame de R\u00e9conciliation nous ont accueilli dans ce bel endroit qui a fait r\u00e9sonner nos voix. Merci \u00e0 nos copines de la chorale \u00ab\u00a0Rue de Pologne\u00a0\u00bb qui ont partag\u00e9 ce moment avec &hellip; <a href=\"https:\/\/prelude-lille.fr\/index.php\/2022\/06\/22\/prelude-a-fait-son-grand-retour\/\" class=\"more-link\">Continuer la lecture<span class=\"screen-reader-text\"> de &laquo;&nbsp;Pr\u00e9lude a fait son grand retour&nbsp;&raquo;<\/span><\/a><\/p>\n","protected":false},"author":8,"featured_media":0,"comment_status":"closed","ping_status":"closed","sticky":false,"template":"","format":"standard","meta":{"footnotes":""},"categories":[11,26],"tags":[],"class_list":["post-239","post","type-post","status-publish","format-standard","hentry","category-les-projets-artistiques","category-saison-2021-2022"],"_links":{"self":[{"href":"https:\/\/prelude-lille.fr\/index.php\/wp-json\/wp\/v2\/posts\/239","targetHints":{"allow":["GET"]}}],"collection":[{"href":"https:\/\/prelude-lille.fr\/index.php\/wp-json\/wp\/v2\/posts"}],"about":[{"href":"https:\/\/prelude-lille.fr\/index.php\/wp-json\/wp\/v2\/types\/post"}],"author":[{"embeddable":true,"href":"https:\/\/prelude-lille.fr\/index.php\/wp-json\/wp\/v2\/users\/8"}],"replies":[{"embeddable":true,"href":"https:\/\/prelude-lille.fr\/index.php\/wp-json\/wp\/v2\/comments?post=239"}],"version-history":[{"count":1,"href":"https:\/\/prelude-lille.fr\/index.php\/wp-json\/wp\/v2\/posts\/239\/revisions"}],"predecessor-version":[{"id":243,"href":"https:\/\/prelude-lille.fr\/index.php\/wp-json\/wp\/v2\/posts\/239\/revisions\/243"}],"wp:attachment":[{"href":"https:\/\/prelude-lille.fr\/index.php\/wp-json\/wp\/v2\/media?parent=239"}],"wp:term":[{"taxonomy":"category","embeddable":true,"href":"https:\/\/prelude-lille.fr\/index.php\/wp-json\/wp\/v2\/categories?post=239"},{"taxonomy":"post_tag","embeddable":true,"href":"https:\/\/prelude-lille.fr\/index.php\/wp-json\/wp\/v2\/tags?post=239"}],"curies":[{"name":"wp","href":"https:\/\/api.w.org\/{rel}","templated":true}]}}