{"id":230,"date":"2022-06-07T20:13:40","date_gmt":"2022-06-07T18:13:40","guid":{"rendered":"http:\/\/prelude-lille.fr\/?p=230"},"modified":"2022-08-17T19:10:19","modified_gmt":"2022-08-17T17:10:19","slug":"hope","status":"publish","type":"post","link":"https:\/\/prelude-lille.fr\/index.php\/2022\/06\/07\/hope\/","title":{"rendered":"\u00ab\u00a0HOPE\u00a0\u00bb"},"content":{"rendered":"\n<p><strong>L&rsquo;espoir de chanter, de partager et de se rencontrer !<\/strong><\/p>\n\n\n\n<p>Venez nous retrouver autour d&rsquo;un programme de chants du monde et de polyphonie.<\/p>\n\n\n\n<p>Pensez \u00e0 r\u00e9server votre soir\u00e9e et votre place , et laissez vous embarquer par les sonorit\u00e9s et les m\u00e9lodies de Pr\u00e9lude et Rue de Pologne.<\/p>\n\n\n\n<p>A tr\u00e8s bient\u00f4t  <\/p>\n\n\n\n<figure class=\"wp-block-gallery columns-1 is-cropped wp-block-gallery-1 is-layout-flex wp-block-gallery-is-layout-flex\"><ul class=\"blocks-gallery-grid\"><li class=\"blocks-gallery-item\"><figure><img loading=\"lazy\" decoding=\"async\" width=\"1024\" height=\"726\" src=\"https:\/\/prelude-lille.fr\/wp-content\/uploads\/2022\/06\/PRELUDE-1-1024x726.jpg\" alt=\"\" data-id=\"231\" data-full-url=\"https:\/\/prelude-lille.fr\/wp-content\/uploads\/2022\/06\/PRELUDE-1.jpg\" data-link=\"https:\/\/prelude-lille.fr\/?attachment_id=231\" class=\"wp-image-231\" srcset=\"https:\/\/prelude-lille.fr\/wp-content\/uploads\/2022\/06\/PRELUDE-1-1024x726.jpg 1024w, https:\/\/prelude-lille.fr\/wp-content\/uploads\/2022\/06\/PRELUDE-1-300x213.jpg 300w, https:\/\/prelude-lille.fr\/wp-content\/uploads\/2022\/06\/PRELUDE-1-768x545.jpg 768w, https:\/\/prelude-lille.fr\/wp-content\/uploads\/2022\/06\/PRELUDE-1-1536x1090.jpg 1536w, https:\/\/prelude-lille.fr\/wp-content\/uploads\/2022\/06\/PRELUDE-1.jpg 1748w\" sizes=\"auto, (max-width: 709px) 85vw, (max-width: 909px) 67vw, (max-width: 1362px) 62vw, 840px\" \/><\/figure><\/li><\/ul><\/figure>\n\n\n\n<p>R\u00e9servation sur :<\/p>\n\n\n\n<p><a href=\"https:\/\/www.helloasso.com\/associations\/association-prelude-ensemble-vocal\/evenements\/billetterie-en-ligne-pour-concert-du-19-juin-a-18h\">https:\/\/www.helloasso.com\/associations\/association-prelude-ensemble-vocal\/evenements\/billetterie-en-ligne-pour-concert-du-19-juin-a-18h<\/a><\/p>\n","protected":false},"excerpt":{"rendered":"<p>L&rsquo;espoir de chanter, de partager et de se rencontrer ! Venez nous retrouver autour d&rsquo;un programme de chants du monde et de polyphonie. Pensez \u00e0 r\u00e9server votre soir\u00e9e et votre place , et laissez vous embarquer par les sonorit\u00e9s et les m\u00e9lodies de Pr\u00e9lude et Rue de Pologne. A tr\u00e8s bient\u00f4t R\u00e9servation sur : https:\/\/www.helloasso.com\/associations\/association-prelude-ensemble-vocal\/evenements\/billetterie-en-ligne-pour-concert-du-19-juin-a-18h<\/p>\n","protected":false},"author":8,"featured_media":0,"comment_status":"closed","ping_status":"closed","sticky":false,"template":"","format":"standard","meta":{"footnotes":""},"categories":[11,26],"tags":[],"class_list":["post-230","post","type-post","status-publish","format-standard","hentry","category-les-projets-artistiques","category-saison-2021-2022"],"_links":{"self":[{"href":"https:\/\/prelude-lille.fr\/index.php\/wp-json\/wp\/v2\/posts\/230","targetHints":{"allow":["GET"]}}],"collection":[{"href":"https:\/\/prelude-lille.fr\/index.php\/wp-json\/wp\/v2\/posts"}],"about":[{"href":"https:\/\/prelude-lille.fr\/index.php\/wp-json\/wp\/v2\/types\/post"}],"author":[{"embeddable":true,"href":"https:\/\/prelude-lille.fr\/index.php\/wp-json\/wp\/v2\/users\/8"}],"replies":[{"embeddable":true,"href":"https:\/\/prelude-lille.fr\/index.php\/wp-json\/wp\/v2\/comments?post=230"}],"version-history":[{"count":4,"href":"https:\/\/prelude-lille.fr\/index.php\/wp-json\/wp\/v2\/posts\/230\/revisions"}],"predecessor-version":[{"id":237,"href":"https:\/\/prelude-lille.fr\/index.php\/wp-json\/wp\/v2\/posts\/230\/revisions\/237"}],"wp:attachment":[{"href":"https:\/\/prelude-lille.fr\/index.php\/wp-json\/wp\/v2\/media?parent=230"}],"wp:term":[{"taxonomy":"category","embeddable":true,"href":"https:\/\/prelude-lille.fr\/index.php\/wp-json\/wp\/v2\/categories?post=230"},{"taxonomy":"post_tag","embeddable":true,"href":"https:\/\/prelude-lille.fr\/index.php\/wp-json\/wp\/v2\/tags?post=230"}],"curies":[{"name":"wp","href":"https:\/\/api.w.org\/{rel}","templated":true}]}}