{"id":210,"date":"2021-11-20T19:00:43","date_gmt":"2021-11-20T18:00:43","guid":{"rendered":"http:\/\/prelude-lille.fr\/?p=210"},"modified":"2022-08-17T19:13:37","modified_gmt":"2022-08-17T17:13:37","slug":"cest-la-rentree-de-notre-chef-de-choeur","status":"publish","type":"post","link":"https:\/\/prelude-lille.fr\/index.php\/2021\/11\/20\/cest-la-rentree-de-notre-chef-de-choeur\/","title":{"rendered":"C&rsquo;est la rentr\u00e9e de notre cheffe de Ch\u0153ur!"},"content":{"rendered":"\n<p>C&rsquo;est la reprise de Maeva GAEDREAU notre chef de Choeur depuis 15 jours maintenant.<\/p>\n\n\n\n<p>Quel plaisir de la retrouver parmi nous !<\/p>\n\n\n\n<p>Apr\u00e8s les ateliers de St\u00e9phan Lautier depuis la rentr\u00e9e pour pr\u00e9parer nos voix endormies par ces mois de confinement, nous voil\u00e0 pr\u00eats pour une nouvelle exp\u00e9rience de chants! <\/p>\n\n\n\n<p>Au menu de cette deuxi\u00e8me \u00e9tape: Chants du monde , Gospel et chansons fran\u00e7aises .<\/p>\n\n\n\n<p>Une belle programmation en perspective &#8230;<\/p>\n\n\n\n<figure class=\"wp-block-gallery columns-1 is-cropped wp-block-gallery-1 is-layout-flex wp-block-gallery-is-layout-flex\"><ul class=\"blocks-gallery-grid\"><li class=\"blocks-gallery-item\"><figure><img loading=\"lazy\" decoding=\"async\" width=\"1024\" height=\"684\" src=\"https:\/\/prelude-lille.fr\/wp-content\/uploads\/2021\/11\/ACP0909-1024x684.jpg\" alt=\"\" data-id=\"211\" data-full-url=\"https:\/\/prelude-lille.fr\/wp-content\/uploads\/2021\/11\/ACP0909-scaled.jpg\" data-link=\"https:\/\/prelude-lille.fr\/?attachment_id=211\" class=\"wp-image-211\" srcset=\"https:\/\/prelude-lille.fr\/wp-content\/uploads\/2021\/11\/ACP0909-1024x684.jpg 1024w, https:\/\/prelude-lille.fr\/wp-content\/uploads\/2021\/11\/ACP0909-300x200.jpg 300w, https:\/\/prelude-lille.fr\/wp-content\/uploads\/2021\/11\/ACP0909-768x513.jpg 768w, https:\/\/prelude-lille.fr\/wp-content\/uploads\/2021\/11\/ACP0909-1536x1025.jpg 1536w, https:\/\/prelude-lille.fr\/wp-content\/uploads\/2021\/11\/ACP0909-2048x1367.jpg 2048w\" sizes=\"auto, (max-width: 709px) 85vw, (max-width: 909px) 67vw, (max-width: 1362px) 62vw, 840px\" \/><\/figure><\/li><\/ul><\/figure>\n\n\n\n<p><\/p>\n","protected":false},"excerpt":{"rendered":"<p>C&rsquo;est la reprise de Maeva GAEDREAU notre chef de Choeur depuis 15 jours maintenant. Quel plaisir de la retrouver parmi nous ! Apr\u00e8s les ateliers de St\u00e9phan Lautier depuis la rentr\u00e9e pour pr\u00e9parer nos voix endormies par ces mois de confinement, nous voil\u00e0 pr\u00eats pour une nouvelle exp\u00e9rience de chants! Au menu de cette deuxi\u00e8me &hellip; <a href=\"https:\/\/prelude-lille.fr\/index.php\/2021\/11\/20\/cest-la-rentree-de-notre-chef-de-choeur\/\" class=\"more-link\">Continuer la lecture<span class=\"screen-reader-text\"> de &laquo;&nbsp;C&rsquo;est la rentr\u00e9e de notre cheffe de Ch\u0153ur!&nbsp;&raquo;<\/span><\/a><\/p>\n","protected":false},"author":8,"featured_media":0,"comment_status":"closed","ping_status":"closed","sticky":false,"template":"","format":"standard","meta":{"footnotes":""},"categories":[4,2],"tags":[],"class_list":["post-210","post","type-post","status-publish","format-standard","hentry","category-direction-artistique","category-le-choeur"],"_links":{"self":[{"href":"https:\/\/prelude-lille.fr\/index.php\/wp-json\/wp\/v2\/posts\/210","targetHints":{"allow":["GET"]}}],"collection":[{"href":"https:\/\/prelude-lille.fr\/index.php\/wp-json\/wp\/v2\/posts"}],"about":[{"href":"https:\/\/prelude-lille.fr\/index.php\/wp-json\/wp\/v2\/types\/post"}],"author":[{"embeddable":true,"href":"https:\/\/prelude-lille.fr\/index.php\/wp-json\/wp\/v2\/users\/8"}],"replies":[{"embeddable":true,"href":"https:\/\/prelude-lille.fr\/index.php\/wp-json\/wp\/v2\/comments?post=210"}],"version-history":[{"count":5,"href":"https:\/\/prelude-lille.fr\/index.php\/wp-json\/wp\/v2\/posts\/210\/revisions"}],"predecessor-version":[{"id":218,"href":"https:\/\/prelude-lille.fr\/index.php\/wp-json\/wp\/v2\/posts\/210\/revisions\/218"}],"wp:attachment":[{"href":"https:\/\/prelude-lille.fr\/index.php\/wp-json\/wp\/v2\/media?parent=210"}],"wp:term":[{"taxonomy":"category","embeddable":true,"href":"https:\/\/prelude-lille.fr\/index.php\/wp-json\/wp\/v2\/categories?post=210"},{"taxonomy":"post_tag","embeddable":true,"href":"https:\/\/prelude-lille.fr\/index.php\/wp-json\/wp\/v2\/tags?post=210"}],"curies":[{"name":"wp","href":"https:\/\/api.w.org\/{rel}","templated":true}]}}